{"id":1859,"date":"2020-10-09T13:06:31","date_gmt":"2020-10-09T13:06:31","guid":{"rendered":"https:\/\/periodicolacompania.cl\/?p=1859"},"modified":"2020-10-09T13:06:33","modified_gmt":"2020-10-09T13:06:33","slug":"trayectoria-de-largo-aliento-cuando-las-companias-vibraba-con-los-triunfos-de-una-promesa-del-ciclismo-regional","status":"publish","type":"post","link":"https:\/\/periodicolacompania.cl\/?p=1859","title":{"rendered":"Trayectoria de largo aliento, cuando Las Compa\u00f1\u00edas  vibraba  con los triunfos de una promesa  del ciclismo regional"},"content":{"rendered":"\n<p><strong>El actual administrador del Polideportivo que se ubica\u00a0 en calle\u00a0 Vi\u00f1a del Mar, Gabriel Leyton lider\u00f3 una auspiciante carrera como ciclista que qued\u00f3 inconclusa\u00a0 luego que, tras el servicio militar, opt\u00f3 por vincularse al Ej\u00e9rcito donde estuvo 30 a\u00f1os.<\/strong><\/p>\n\n\n\n<figure class=\"wp-block-embed-youtube wp-block-embed is-type-video is-provider-youtube wp-embed-aspect-16-9 wp-has-aspect-ratio\"><div class=\"wp-block-embed__wrapper\">\n<iframe loading=\"lazy\"  id=\"_ytid_70709\" width=\"800\" height=\"450\"  data-origwidth=\"800\" data-origheight=\"450\"  src=\"https:\/\/www.youtube.com\/embed\/SvmHy3mFdFU?enablejsapi=1&#038;autoplay=0&#038;cc_load_policy=0&#038;iv_load_policy=1&#038;loop=0&#038;modestbranding=0&#038;rel=1&#038;fs=1&#038;playsinline=0&#038;autohide=2&#038;theme=dark&#038;color=red&#038;controls=1&#038;\" class=\"__youtube_prefs__\" title=\"YouTube player\"  allow=\"autoplay; encrypted-media\" allowfullscreen data-no-lazy=\"1\" data-skipgform_ajax_framebjll=\"\"><\/iframe>\n<\/div><\/figure>\n\n\n\n<p>En\u00a0 los 80&#8242;\u00a0 la figura\u00a0 de Gabriel\u00a0 Leyton\u00a0en el ciclismo \u00a0de la Regi\u00f3n de Coquimbo era prominente.\u00a0 De hecho, los diarios\u00a0 de la \u00e9poca as\u00ed dan cuentan resaltando sus capacidades.<\/p>\n\n\n\n<p>Lleg\u00f3&nbsp; a vivir &nbsp;a &nbsp;Las Compa\u00f1\u00edas (Canad\u00e1 al llegar a Esmeralda)&nbsp; en 1985&nbsp; donde &nbsp;a\u00fan habitan sus padres a los que visita diariamente.<\/p>\n\n\n\n<p>A los 12 a\u00f1os pidi\u00f3 para navidad una bicicross, sin embargo, su progenitor, Gabriel Leyton Valdivia, que en su juventud quer\u00eda ser ciclista, cambi\u00f3 de planes&nbsp; y le regal\u00f3 una media pista.<\/p>\n\n\n\n<p>En 1984 se integr\u00f3\u00a0 a la rama de ciclismo del Club Deportivo Minas\u00a0 El Romeral y de inmediato viaj\u00f3 a su primer nacional\u00a0 a Concepci\u00f3n, obteniendo una buena actuaci\u00f3n. Al a\u00f1o siguiente en San Fernando remat\u00f3 quinto.\u00a0 <strong>\u201cCon entrenamientos se hacen los campeones. Por eso que debo dedicarle todo el tiempo disponible a mi deporte\u201d<\/strong>, remarcaba Leyton a\u00a0 la prensa regional\u00a0 que ya comenzaba a seguir sus pasos.<\/p>\n\n\n\n<p>En un campeonato nacional para menores\u00a0 desarrollado en Santiago lo acompa\u00f1\u00f3 el\u00a0 entrenador\u00a0 y tambi\u00e9n ciclista, Marcelo Castagneto (arquitecto y hoy\u00a0 consejero regional). <strong>\u201cA\u00fan cuando le falt\u00f3 preparaci\u00f3n en pista el serenense se ubic\u00f3 decimocuarto entre 37 participantes\u201d<\/strong>, resaltaba diario El\u00a0 D\u00eda.<\/p>\n\n\n\n<p>Castagneto igualmente destac\u00f3 su incursi\u00f3n. <strong>\u201cHa tenido muy buena cr\u00edtica y elogios de la prensa santiaguina, por lo que nos hemos fijado grandes ilusiones\u2026 como su entrenador tengo muchas esperanzas. Puede ser un gran ciclista si se dedica\u201d,<\/strong> remarc\u00f3.<\/p>\n\n\n\n<p>En\u00a0 1987\u00a0 fue elegido como\u00a0el Mejor deportista de la regi\u00f3n\u00a0 en su especialidad y en\u00a0 1988\u00a0\u00a0 ya era\u00a0 campe\u00f3n regional\u00a0 junior de ciclismo.<\/p>\n\n\n\n<p>En 1989 brill\u00f3&nbsp; en la Vuelta a La Serena, \u201c al entreverarse con lo&nbsp; m\u00e1s granado del pedal nacional y demostrando de paso&nbsp; sus inmensas proyecciones, siempre y cuando viaje a la capital para integrarse&nbsp; a una&nbsp; importante escuder\u00eda rentada\u201d, resaltaba un&nbsp; art\u00edculo&nbsp; de El Regional.<\/p>\n\n\n\n<p><strong>UN NUEVO&nbsp; GIRO A SU VIDA<\/strong><\/p>\n\n\n\n<p>La d\u00e9cada de\u00a0 los \u201890 \u00a0parec\u00eda estar destinada a la consolidaci\u00f3n de la carrera de Leyton. Sin embargo, su vida tom\u00f3 otro giro y tras el desarrollo del Servicio Militar se inclin\u00f3 por\u00a0 el Ej\u00e9rcito.\u00a0 Si bien en una primera etapa no abandon\u00f3 el ciclismo, finalmente\u00a0 volc\u00f3 todas sus energ\u00edas en el mundo militar.<\/p>\n\n\n\n<div class=\"wp-block-image\"><figure class=\"aligncenter size-large is-resized\"><img loading=\"lazy\" decoding=\"async\" src=\"https:\/\/periodicolacompania.cl\/wp-content\/uploads\/2020\/10\/La-carrera-militar-1-1-1024x667.jpg\" alt=\"\" class=\"wp-image-1861\" width=\"368\" height=\"239\" srcset=\"https:\/\/periodicolacompania.cl\/wp-content\/uploads\/2020\/10\/La-carrera-militar-1-1-1024x667.jpg 1024w, https:\/\/periodicolacompania.cl\/wp-content\/uploads\/2020\/10\/La-carrera-militar-1-1-300x195.jpg 300w, https:\/\/periodicolacompania.cl\/wp-content\/uploads\/2020\/10\/La-carrera-militar-1-1-768x500.jpg 768w, https:\/\/periodicolacompania.cl\/wp-content\/uploads\/2020\/10\/La-carrera-militar-1-1-1536x1001.jpg 1536w, https:\/\/periodicolacompania.cl\/wp-content\/uploads\/2020\/10\/La-carrera-militar-1-1-2048x1335.jpg 2048w\" sizes=\"auto, (max-width: 368px) 100vw, 368px\" \/><figcaption><strong><em>La carrera militar\u00a0 de Leyton se extendi\u00f3 por 30 a\u00f1os dejando en un segundo plano el ciclismo de alta competici\u00f3n.<\/em><\/strong><\/figcaption><\/figure><\/div>\n\n\n\n<p>\u00a0En 1992 asumi\u00f3 la presidencia regional\u00a0 del ciclismo el periodista y\u00a0 deportista Claudio Ilabaca S\u00e1ez.\u00a0 Lo hizo con el planteamiento de revitalizar\u00a0 esta disciplina a nivel local y que exponentes nacionales pudiesen traspasar la experiencia a los competidores regionales. Pero, sus metas tambi\u00e9n apostaban a mejorar la infraestructura.<strong>\u00a0 \u201cCon el apoyo de la ciudadan\u00eda podemos aspirar a un vel\u00f3dromo . Si esto se concreta, La Serena podr\u00eda\u00a0 convertirse en la capital del ciclismo del norte y porque no de todo del pa\u00eds\u201d.<\/strong><\/p>\n\n\n\n<p>Para Ilabaca, la Regi\u00f3n\u00a0 de Coquimbo estaba dotado de una importante cantidad de ciclista.\u00a0 Sin\u00a0 embargo, admit\u00eda que , <strong>\u201cen cuanto a \u2018la\u2019 figura\u00a0 no existe realmente\u2026 Leyton (Gabriel) se\u00a0 retir\u00f3, lamentablemente se perdi\u00f3. Lizardi deber\u00eda ser el\u00a0 diamante\u00a0 en bruto. Es hijo\u00a0 de Guillermo Lizardi, el \u201cAguila\u201d de Monardez\u201d, <\/strong>enfatizaba. \u00a0<\/p>\n\n\n\n<p><strong>A LA CARGA POR EL VEL\u00d3DROMO<\/strong><\/p>\n\n\n\n<p>Actualmente Leyton est\u00e1 abocado\u00a0 de lleno a su labor como administrador\u00a0 del Polideportivo\u00a0 de Las Compa\u00f1\u00edas. El desaf\u00edo se lo propuso\u00a0 el alcalde de La Serena, Roberto Jacob Jure. Entablaron una relaci\u00f3n cuando desde el Ej\u00e9rcito cooperaba\u00a0 en los actos\u00a0 protocolares vinculados a \u00a0fechas claves como 21 de mayo y 18 de septiembre. No lo pens\u00f3 dos veces. Acept\u00f3 el reto y dej\u00f3\u00a0 30 a\u00f1os de servicio en el Ej\u00e9rcito.<\/p>\n\n\n\n<div class=\"wp-block-image\"><figure class=\"aligncenter size-large is-resized\"><img loading=\"lazy\" decoding=\"async\" src=\"https:\/\/periodicolacompania.cl\/wp-content\/uploads\/2020\/10\/Actualmente-.png\" alt=\"\" class=\"wp-image-1862\" width=\"360\" height=\"202\" srcset=\"https:\/\/periodicolacompania.cl\/wp-content\/uploads\/2020\/10\/Actualmente-.png 640w, https:\/\/periodicolacompania.cl\/wp-content\/uploads\/2020\/10\/Actualmente--300x169.png 300w\" sizes=\"auto, (max-width: 360px) 100vw, 360px\" \/><figcaption><strong><em>Actualmente Leyton Santana es el\u00a0 administrador\u00a0 del Polideportivo de Las Compa\u00f1\u00edas, donde busca impulsar nuevamente el ciclismo.<\/em><\/strong><\/figcaption><\/figure><\/div>\n\n\n\n<p>Su paso por el ciclismo es nost\u00e1lgico. <strong>\u201cFueron mis mejores a\u00f1os de juventud.\u00a0 En ese tiempo muchos j\u00f3venes iban a discoteca\u00a0 y me priv\u00e9 de todo eso, porque los entrenamientos eran a las 07: 00 horas. Me di cuenta domingo a domingo que ten\u00eda condiciones, era buen rutero y buen escalador. En su tiempo estuve en el vel\u00f3dromo de Santiago y en Valpara\u00edso\u201d<\/strong>, rememora en un sector del\u00a0 Polideportivo de Las Compa\u00f1\u00edas, su actual trabajo. De esa \u00e9poca recuerda el aporte de Pedro Caimanque, Omar Aquea, Daniel Milla y Marcelo Castagneto, entre otros.<\/p>\n\n\n\n<p>Leyton reconoce \u00a030 a\u00f1os despu\u00e9s que pudo llegar lejos, pero que le falt\u00f3 <strong>\u201catreverse. En los a\u00f1os \u201980, uno era como miedoso dar el otro paso, pero no me arrepiento. Fue un bonito pasado. A lo mejor pude\u00a0 llegar m\u00e1s alto, \u00a0pero no me arrepiento, porque\u00a0 cumpl\u00ed mis sue\u00f1os\u201d,\u00a0<\/strong> reflexiona.<\/p>\n\n\n\n<p>Cuando accedi\u00f3 al Servicio Militar le dieron la oportunidad\u00a0 de seguir con el ciclismo, <strong>\u201centrenaba de lunes a viernes y compet\u00eda\u00a0 el fin de semana, pero en el Ej\u00e9rcito, en ese tiempo, \u00a0el ciclismo no era un deporte masivo o era el f\u00fatbol o atletismo \u201d.<\/strong><\/p>\n\n\n\n<p>No oculta que ahora desde el cargo\u00a0 de administrador del Polideportivo, le gustar\u00eda liderar alg\u00fan tema con el ciclismo. <strong>\u201cUno tiene las condiciones y la experiencia como para sacar\u00a0 el ciclismo adelante en La Serena. Ser\u00eda un bonito sue\u00f1o hacer planes de un vel\u00f3dromo. Cuando chico, igual se hablaba de un vel\u00f3dromo en Las Compa\u00f1\u00edas\u00a0 y nunca se concret\u00f3. Quienes estamos en Las Compa\u00f1\u00edas sabemos que terrenos hay y que pueden donar un espacio\u201d<\/strong>, puntualiza.<\/p>\n\n\n\n<div class=\"wp-block-image\"><figure class=\"aligncenter size-large is-resized\"><img loading=\"lazy\" decoding=\"async\" src=\"https:\/\/periodicolacompania.cl\/wp-content\/uploads\/2020\/10\/Esc\u00e1ner_20200921-15.jpg\" alt=\"\" class=\"wp-image-1865\" width=\"406\" height=\"279\" srcset=\"https:\/\/periodicolacompania.cl\/wp-content\/uploads\/2020\/10\/Esc\u00e1ner_20200921-15.jpg 492w, https:\/\/periodicolacompania.cl\/wp-content\/uploads\/2020\/10\/Esc\u00e1ner_20200921-15-300x206.jpg 300w, https:\/\/periodicolacompania.cl\/wp-content\/uploads\/2020\/10\/Esc\u00e1ner_20200921-15-130x90.jpg 130w\" sizes=\"auto, (max-width: 406px) 100vw, 406px\" \/><figcaption><strong><em>El deportista serenense demostrando sus capacidades en el vel\u00f3dromo de Santiago<\/em><\/strong><\/figcaption><\/figure><\/div>\n\n\n\n<p><strong>LA CLAVE DEL APOYO FAMILIAR<\/strong><\/p>\n\n\n\n<p>Su madre Mar\u00eda Cristina Santana confiesa estar orgullosa del pasado deportivo de su hijo.\u00a0<strong> \u201cFue un logro tremendo. Con mi marido lo apoyamos en todo, principalmente cuando le tocaba correr \u201d<\/strong>, destaca en su hogar, mientras revisa fotograf\u00edas de su carrera militar y\u00a0 sus inicios en el ciclismo.<\/p>\n\n\n\n<p>De hecho,&nbsp; para el d\u00eda del padre&nbsp; le regal\u00f3 un libro &nbsp;con recortes de &nbsp;prensa y fotograf\u00edas de su carrera.<\/p>\n\n\n\n<p>Cree que la clave&nbsp; es&nbsp; que fue ordenado, \u201cse cuidaba para sus carreras\u201d, pero igualmente&nbsp; admite que en el Ej\u00e9rcito encontr\u00f3 una actividad segura de ingresos.<\/p>\n\n\n\n<p>Su padre Gabriel Leyton Valdivia admite\u00a0 que a\u00fan guarda gratos recuerdos del pasado deportivo de su hijo.\u00a0 <strong>\u201cEl empe\u00f1o. La primera vez corri\u00f3 con el \u2018negro\u2019 Campo, en ese tiempo estaba el \u2018pepe\u2019 Caimanque. En los embalajes aseguraba. \u00c9l quer\u00eda seguir ciclismo y yo lo acompa\u00f1aba a todas las carreras\u201d<\/strong>,\u00a0 rememora con\u00a0 orgullo.<\/p>\n\n\n\n<p><strong>PROMESAS DEL FUTURO<\/strong><\/p>\n\n\n\n<p>Marcelo Castagneto tres d\u00e9cadas despu\u00e9s recuerda\u00a0 las condiciones de Leyton y las proyecciones que pose\u00eda. <strong>\u201cSiempre atento\u00a0 a aprender, sacrificarse y seguir las instrucciones formativas que\u00a0 fue aplicando con el\u00a0 correr de los meses y a\u00f1os. Lleg\u00f3 a convertirse\u00a0 en una figura promisoria\u00a0 en el \u00e1mbito del ciclismo regional en el \u00e1mbito juvenil\u00a0 y luego adulto\u201d.<\/strong><\/p>\n\n\n\n<p>En su&nbsp; nueva funci\u00f3n en el Polideportivo se reencontr\u00f3 con Daniel Milla que tambi\u00e9n marc\u00f3 su trayectoria, liderando el team Palmeras.<\/p>\n\n\n\n<p>Milla comparte\u00a0 que Leyton estaba \u00a0llamado a\u00a0 convertirse en una de las promesas del ciclismo regional. <strong>\u201cEra\u00a0 peque\u00f1o y no llamaba mucho la atenci\u00f3n. Incluso, lo miraban por debajo\u00a0 de la manga, pero empez\u00f3 a correr y de inmediato se notaron sus cualidades y talento en el ciclismo, porque estar en un grupo de avanzada no es de un d\u00eda para otro\u201d<\/strong>, resalta en\u00a0 su hogar al lado de innumerables trofeos.<\/p>\n\n\n\n<p>Incluso, cree, guardando las proporciones, \u00a0que\u00a0 \u201c<strong>era\u00a0 un Fernando Vera porque se defend\u00eda en el plano, cuando iba subiendo y tambi\u00e9n destacaba como embalador. Corredores del norte y del sur, al poco tiempo, se dieron cuenta del talento de Gabriel\u201d,<\/strong> rememora.<\/p>\n\n\n\n<p>Milla lament\u00f3 que\u00a0 Leyton saliera\u00a0 de la primera l\u00ednea tras privilegiar su carrera en el Ej\u00e9rcito. <strong>\u201cMe dio pena perder un chico que ten\u00eda las mejores condiciones, no le voy a decir que era el \u00fanico, pero llevaba la batuta, pero abandon\u00f3 lo que m\u00e1s le gustaba por su futuro, bienvenido sea\u201d<\/strong>,\u00a0 manifiesta.<\/p>\n\n\n\n<div class=\"wp-block-image\"><figure class=\"aligncenter size-large is-resized\"><img loading=\"lazy\" decoding=\"async\" src=\"https:\/\/periodicolacompania.cl\/wp-content\/uploads\/2020\/10\/Qiuenes-conocieron-1-1.jpg\" alt=\"\" class=\"wp-image-1866\" width=\"377\" height=\"241\" srcset=\"https:\/\/periodicolacompania.cl\/wp-content\/uploads\/2020\/10\/Qiuenes-conocieron-1-1.jpg 507w, https:\/\/periodicolacompania.cl\/wp-content\/uploads\/2020\/10\/Qiuenes-conocieron-1-1-300x192.jpg 300w\" sizes=\"auto, (max-width: 377px) 100vw, 377px\" \/><figcaption><strong><em> Quienes conocieron su labor destacan\u00a0 el trabajo que efectuaba\u00a0 Leyton en\u00a0 carretera y monta\u00f1a.<\/em><\/strong><\/figcaption><\/figure><\/div>\n\n\n\n<p>&nbsp;<strong>APUESTA DE RECUPERACI\u00d3N<\/strong><\/p>\n\n\n\n<p>En todo caso Milla dice estar esperanzado que desde el Polideportivo, Leyton podr\u00eda revivir el ciclismo en Las Compa\u00f1\u00edas. <strong>\u201cQuerer es poder, adem\u00e1s siempre cuando hay una persona que le gusta el ciclismo, se facilitan mucho las cosas. Me reun\u00ed con \u00e9l en una oportunidad y plante\u00f3 la posibilidad de levantar un poco el ciclismo\u00a0 en Las Compa\u00f1\u00edas, donde han salido buenos corredores\u201d.<\/strong><\/p>\n\n\n\n<p>En ese sentido cree que se podr\u00eda concretar con la elecci\u00f3n de\u00a0 buenos profesores de educaci\u00f3n f\u00edsica y entrenadores, <strong>\u201cy juntar a los m\u00e1s peque\u00f1os, pero\u00a0 tambi\u00e9n tener un campo donde practicar el ciclismo\u2026Teniendo un vel\u00f3dromo se facilitan mucho las cosas y sobre todo en Las Compa\u00f1\u00edas donde hay bastante materia prima de ciclistas\u201d.<\/strong><\/p>\n\n\n\n<p>Omar Aquea\u00a0 comparti\u00f3 \u00a0estrechamente \u00a0el ciclismo con Leyton y\u00a0 lo recuerda\u00a0 como <strong>\u201cun excelente ciclista, pero en ese tiempo (d\u00e9cada de los \u201980)\u00a0 le falt\u00f3 m\u00e1s apoyo para tener mayor competencia y surgir. Radicarse en Santiago\u00a0 o cualquiera ciudad del sur del pa\u00eds donde exist\u00edan m\u00e1s clubes y competencias. Era\u00a0 un ciclista tanto para ruta como para escalar\u201d.<\/strong><\/p>\n\n\n\n<p>Aquea\u00a0 admiti\u00f3\u00a0 igualmente que le sorprendi\u00f3 su abrupto retiro, <strong>\u201cporque ten\u00edamos la esperanza\u00a0 que un ciclista de la regi\u00f3n pudiera representarnos, pero se fue al Ej\u00e9rcito y no lo pudimos tener m\u00e1s en las competencias\u201d.<\/strong><\/p>\n\n\n\n<p>Aquea es lapidario respecto al momento que vive el ciclismo en la Regi\u00f3n de Coquimbo. <strong>\u201cEst\u00e1 agonizando, porque no hay competencias, los permisos son muy dif\u00edciles de conseguir, no hay vel\u00f3dromo y no hay pistas para realizar competencias\u2026Hay figuras, pero no surgen porque no hay carreras Tambi\u00e9n falta m\u00e1s apoyo para los clubes, si es que queda alguno\u201d,<\/strong> advierte.<\/p>\n\n\n\n<p>Aquea cree que ahora depende de Leyton si quiere revivir el ciclismo\u00a0 desde su nuevo cargo, \u00a0sobre todo en Las Compa\u00f1\u00edas. <strong>\u201cTodo depende de \u00e9l, si los \u00e1nimos est\u00e1n para dirigir o promocionar y buscar ciclistas, puede ser y haciendo un vel\u00f3dromo los ciclistas van derecho a practicar\u201d.<\/strong><\/p>\n\n\n\n<p><strong>LA VUELTA QUE LO MARC\u00d3<\/strong><\/p>\n\n\n\n<p>De la Vuelta Cicl\u00edstica de Chile Leyton a\u00fan guarda grandes recuerdos, <strong>\u201ca uno lo marc\u00f3 y cuando yo ten\u00eda 17 a\u00f1os pas\u00f3 por La Serena y tuve la oportunidad de correr con los profesionales cuando se hac\u00eda la Vuelta a La Serena, donde\u00a0 fui premiado como el mejor provinciano de la Vuelta,\u00a0 pero me fui al Ej\u00e9rcito a los 18 a\u00f1os\u201d<\/strong>, sintetiza.<\/p>\n\n\n\n<p>De hecho, la\u00a0 prueba que m\u00e1s\u00a0 satisfacciones le dej\u00f3\u00a0 fue participar\u00a0\u00a0 en la Vuelta La Serena, <strong>\u201cpara\u00a0 el futbolista (la mejor figura) era Iv\u00e1n\u00a0 Zamorano, pero\u00a0 para m\u00ed\u00a0 era Fernando Vera y\u00a0 compet\u00ed con ellos y fui premiado como el deportista m\u00e1s destacado de la provincia. Es un recuerdo\u00a0 bien bonito\u00a0 porque destac\u00f3 un ciclista serenense\u201d, <\/strong>rememora.<\/p>\n","protected":false},"excerpt":{"rendered":"<p>El actual administrador del Polideportivo que se ubica\u00a0 en calle\u00a0 Vi\u00f1a del Mar, Gabriel Leyton lider\u00f3 una auspiciante carrera como<\/p>\n","protected":false},"author":1,"featured_media":1862,"comment_status":"open","ping_status":"open","sticky":false,"template":"","format":"standard","meta":{"footnotes":""},"categories":[7,12,4,3],"tags":[39,38,22,31],"class_list":["post-1859","post","type-post","status-publish","format-standard","has-post-thumbnail","hentry","category-deportes","category-destacado","category-reportajes","category-social","tag-ciclismo","tag-gabriel-leyton","tag-las-companias","tag-polideportivo"],"_links":{"self":[{"href":"https:\/\/periodicolacompania.cl\/index.php?rest_route=\/wp\/v2\/posts\/1859","targetHints":{"allow":["GET"]}}],"collection":[{"href":"https:\/\/periodicolacompania.cl\/index.php?rest_route=\/wp\/v2\/posts"}],"about":[{"href":"https:\/\/periodicolacompania.cl\/index.php?rest_route=\/wp\/v2\/types\/post"}],"author":[{"embeddable":true,"href":"https:\/\/periodicolacompania.cl\/index.php?rest_route=\/wp\/v2\/users\/1"}],"replies":[{"embeddable":true,"href":"https:\/\/periodicolacompania.cl\/index.php?rest_route=%2Fwp%2Fv2%2Fcomments&post=1859"}],"version-history":[{"count":2,"href":"https:\/\/periodicolacompania.cl\/index.php?rest_route=\/wp\/v2\/posts\/1859\/revisions"}],"predecessor-version":[{"id":1868,"href":"https:\/\/periodicolacompania.cl\/index.php?rest_route=\/wp\/v2\/posts\/1859\/revisions\/1868"}],"wp:featuredmedia":[{"embeddable":true,"href":"https:\/\/periodicolacompania.cl\/index.php?rest_route=\/wp\/v2\/media\/1862"}],"wp:attachment":[{"href":"https:\/\/periodicolacompania.cl\/index.php?rest_route=%2Fwp%2Fv2%2Fmedia&parent=1859"}],"wp:term":[{"taxonomy":"category","embeddable":true,"href":"https:\/\/periodicolacompania.cl\/index.php?rest_route=%2Fwp%2Fv2%2Fcategories&post=1859"},{"taxonomy":"post_tag","embeddable":true,"href":"https:\/\/periodicolacompania.cl\/index.php?rest_route=%2Fwp%2Fv2%2Ftags&post=1859"}],"curies":[{"name":"wp","href":"https:\/\/api.w.org\/{rel}","templated":true}]}}