{"id":3806,"date":"2025-11-21T01:58:54","date_gmt":"2025-11-21T01:58:54","guid":{"rendered":"https:\/\/periodicolacompania.cl\/?p=3806"},"modified":"2025-11-21T01:58:55","modified_gmt":"2025-11-21T01:58:55","slug":"periodico-la-compania-rescatara-la-historia-del-auge-industrial-y-el-rol-femenino-en-el-sector","status":"publish","type":"post","link":"https:\/\/periodicolacompania.cl\/?p=3806","title":{"rendered":"Peri\u00f3dico La Compa\u00f1\u00eda rescatar\u00e1 la historia del auge industrial y el rol femenino en el sector"},"content":{"rendered":"\n<p><em><strong>A trav\u00e9s del proyecto \u201cEl papel desconocido de las mujeres en el auge industrial de Las Compa\u00f1\u00edas\u201d, el medio recopila testimonios y material hist\u00f3rico para visibilizar el rol femenino en las f\u00e1bricas que marcaron la identidad del territorio.<\/strong><\/em><\/p>\n\n\n\n<p>Con el objetivo de preservar una parte fundamental de la historia de Las Compa\u00f1\u00edas, el pr\u00f3ximo viernes 21 de noviembre Peri\u00f3dico La Compa\u00f1\u00eda lanzar\u00e1 proyecto de documentaci\u00f3n y visibilizaci\u00f3n de la memoria local, enfocado especialmente en el papel que desempe\u00f1aron las mujeres durante el auge industrial que vivi\u00f3 el sector entre las d\u00e9cadas de 1940 y 1980. A trav\u00e9s de tres reportajes la iniciativa busca dar voz a quienes fueron protagonistas de un per\u00edodo crucial para la comunidad.<\/p>\n\n\n\n<p>El sector de Las Compa\u00f1\u00edas, que hasta comienzos de la d\u00e9cada de 1940 era considerado una zona rural separada del centro de La Serena \u00fanicamente por el r\u00edo Elqui, experiment\u00f3 un proceso de industrializaci\u00f3n que, seg\u00fan relatan sus vecinos m\u00e1s antiguos, brind\u00f3 un respiro a muchas familias que enfrentaban una intensa pobreza.<\/p>\n\n\n\n<p>En tiempos de crisis, especialmente durante la d\u00e9cada de los 80, fueron las mujeres quienes sostuvieron sus hogares en medio de la falta de oportunidades. Si bien su participaci\u00f3n laboral directa se concentr\u00f3 principalmente en la morronera, la Deshidratadora ADA, en otras fabricas como la planta de Brillador, y de cemento Juan Soldado, las mujeres depend\u00edan del salario de sus esposos que lograban por el trabajo desarrollado en estas fabricas para mantener a sus familias. Aun as\u00ed, su rol fue fundamental para enfrentar la inestabilidad\u00a0 econ\u00f3mica de la \u00e9poca y asegurar el bienestar de sus hijos. \u00a0<\/p>\n\n\n\n<p>El proyecto, titulado \u201cEl papel desconocido de las mujeres en el auge industrial de Las Compa\u00f1\u00edas\u201d y financiado por el FFMCS 2025, propone reconstruir la historia de este proceso de industrializaci\u00f3n, situando en el centro de la narrativa el rol fundamental de las mujeres, verdaderas art\u00edfices de la supervivencia y el progreso de numerosas familias.<\/p>\n\n\n\n<p>Durante dos meses, el equipo de investigaci\u00f3n del Peri\u00f3dico La Compa\u00f1\u00eda se adentr\u00f3 en la historia de estas tres f\u00e1bricas que impulsaron el desarrollo del sector y explor\u00f3 el impacto que tuvieron en la vida de cientos de mujeres que, muchas veces como jefas de hogar, asumieron un liderazgo laboral decisivo.<\/p>\n\n\n\n<p>Con esta iniciativa, Peri\u00f3dico La Compa\u00f1\u00eda no solo busca rescatar la memoria hist\u00f3rica de la comunidad, sino tambi\u00e9n reconocer y poner en valor la contribuci\u00f3n de las mujeres en un proceso transformador que marc\u00f3 para siempre la vida de quienes habitaron Las Compa\u00f1\u00edas.<\/p>\n","protected":false},"excerpt":{"rendered":"<p>A trav\u00e9s del proyecto \u201cEl papel desconocido de las mujeres en el auge industrial de Las Compa\u00f1\u00edas\u201d, el medio recopila<\/p>\n","protected":false},"author":1,"featured_media":3808,"comment_status":"open","ping_status":"open","sticky":false,"template":"","format":"standard","meta":{"footnotes":""},"categories":[6,12,353],"tags":[],"class_list":["post-3806","post","type-post","status-publish","format-standard","has-post-thumbnail","hentry","category-cultura","category-destacado","category-fondo-de-medios-2025"],"_links":{"self":[{"href":"https:\/\/periodicolacompania.cl\/index.php?rest_route=\/wp\/v2\/posts\/3806","targetHints":{"allow":["GET"]}}],"collection":[{"href":"https:\/\/periodicolacompania.cl\/index.php?rest_route=\/wp\/v2\/posts"}],"about":[{"href":"https:\/\/periodicolacompania.cl\/index.php?rest_route=\/wp\/v2\/types\/post"}],"author":[{"embeddable":true,"href":"https:\/\/periodicolacompania.cl\/index.php?rest_route=\/wp\/v2\/users\/1"}],"replies":[{"embeddable":true,"href":"https:\/\/periodicolacompania.cl\/index.php?rest_route=%2Fwp%2Fv2%2Fcomments&post=3806"}],"version-history":[{"count":1,"href":"https:\/\/periodicolacompania.cl\/index.php?rest_route=\/wp\/v2\/posts\/3806\/revisions"}],"predecessor-version":[{"id":3809,"href":"https:\/\/periodicolacompania.cl\/index.php?rest_route=\/wp\/v2\/posts\/3806\/revisions\/3809"}],"wp:featuredmedia":[{"embeddable":true,"href":"https:\/\/periodicolacompania.cl\/index.php?rest_route=\/wp\/v2\/media\/3808"}],"wp:attachment":[{"href":"https:\/\/periodicolacompania.cl\/index.php?rest_route=%2Fwp%2Fv2%2Fmedia&parent=3806"}],"wp:term":[{"taxonomy":"category","embeddable":true,"href":"https:\/\/periodicolacompania.cl\/index.php?rest_route=%2Fwp%2Fv2%2Fcategories&post=3806"},{"taxonomy":"post_tag","embeddable":true,"href":"https:\/\/periodicolacompania.cl\/index.php?rest_route=%2Fwp%2Fv2%2Ftags&post=3806"}],"curies":[{"name":"wp","href":"https:\/\/api.w.org\/{rel}","templated":true}]}}