{"id":3812,"date":"2025-11-24T02:51:57","date_gmt":"2025-11-24T02:51:57","guid":{"rendered":"https:\/\/periodicolacompania.cl\/?p=3812"},"modified":"2025-11-24T13:53:46","modified_gmt":"2025-11-24T13:53:46","slug":"deshidratadora-ada-la-oportunidad-laboral-para-las-mujeres-de-las-companias","status":"publish","type":"post","link":"https:\/\/periodicolacompania.cl\/?p=3812","title":{"rendered":"Deshidratadora Ada: la oportunidad laboral para las mujeres de Las Compa\u00f1\u00edas"},"content":{"rendered":"\n<p><\/p>\n\n\n\n<p><strong>Por cerca de dos d\u00e9cadas la f\u00e1brica se convirti\u00f3 en el sost\u00e9n econ\u00f3mico para los habitantes de este territorio que destacaban su cercan\u00eda&nbsp; y las expectativas futuras, sobre todo por la estabilidad que generaba para el segmento femenino.<\/strong><\/p>\n\n\n\n<p>A mediados de la d\u00e9cada de los&nbsp; \u201980 el sector de Las Compa\u00f1\u00edas se enfrentaba a una dura cesant\u00eda acelerada por la crisis econ\u00f3mica de 1982. El gobierno militar de la \u00e9poca respondi\u00f3 con los planes&nbsp; de empleo de emergencia del PEM y el POJ&nbsp; y el sector acentuaba su imagen de poblaci\u00f3n \u2018dormitorio\u2019 ante la carencia de industrias o f\u00e1bricas. Fue en ese contexto en que la puesta en marcha de la f\u00e1brica de morrones&nbsp; denominaba planta industrial deshidratadora ADA Limitada de la Amerycan Dehydrator Association fue vista como una oportunidad clave para la poblaci\u00f3n.<\/p>\n\n\n\n<p>De acuerdo a los registros de la \u00e9poca la empresa&nbsp; era representada por Ra\u00fal Quemada Leria y Nels\u00f3n Magallon G\u00f3mez, de Industrias J.Matas y parti\u00f3 con 14 empleados de planta y&nbsp; 180 operarios, principalmente mujeres, que laboraban en tres turnos. Los principales rubros que deshidrataban fue el pimiento rojo y verde, puerro, zanahorias, ajos, espinacas. Su puesta en marcha gener\u00f3&nbsp; expectativas, sobre todo en el segmento de las mujeres que encontraron una alternativa para generar recursos y ayudar a la econom\u00eda&nbsp; familiar<\/p>\n\n\n\n<p>De paso Las Compa\u00f1\u00edas volv\u00eda a tener un movimiento industrial como en su momento ocurri\u00f3 con la presencia de los Jesuita y la industria&nbsp; oliv\u00edcola, la revoluci\u00f3n de Lambert con el cobre en La Compa\u00f1\u00eda Alta; la planta de Brillador y el boom de la f\u00e1brica de Cemento Juan Soldado.<\/p>\n\n\n\n<p>Su historia forma parte del <strong>proyecto period\u00edstico <\/strong>\u2018El papel desconocido de las mujeres en el auge industrial de Las Compa\u00f1\u00edas\u2019, <strong>proyecto financiado a trav\u00e9s del FFMCS 2025<\/strong>. <\/p>\n\n\n<div class=\"wp-block-image\">\n<figure class=\"aligncenter size-large is-resized\"><a href=\"https:\/\/periodicolacompania.cl\/wp-content\/uploads\/2025\/11\/Interior-de-la-fabrica-de-morrones-.jpg\"><img loading=\"lazy\" decoding=\"async\" width=\"685\" height=\"1024\" src=\"https:\/\/periodicolacompania.cl\/wp-content\/uploads\/2025\/11\/Interior-de-la-fabrica-de-morrones--685x1024.jpg\" alt=\"\" class=\"wp-image-3819\" style=\"width:550px;height:auto\" srcset=\"https:\/\/periodicolacompania.cl\/wp-content\/uploads\/2025\/11\/Interior-de-la-fabrica-de-morrones--685x1024.jpg 685w, https:\/\/periodicolacompania.cl\/wp-content\/uploads\/2025\/11\/Interior-de-la-fabrica-de-morrones--201x300.jpg 201w, https:\/\/periodicolacompania.cl\/wp-content\/uploads\/2025\/11\/Interior-de-la-fabrica-de-morrones--768x1149.jpg 768w, https:\/\/periodicolacompania.cl\/wp-content\/uploads\/2025\/11\/Interior-de-la-fabrica-de-morrones--1027x1536.jpg 1027w, https:\/\/periodicolacompania.cl\/wp-content\/uploads\/2025\/11\/Interior-de-la-fabrica-de-morrones-.jpg 1104w\" sizes=\"auto, (max-width: 685px) 100vw, 685px\" \/><\/a><figcaption class=\"wp-element-caption\"><strong><em>Imagen que corresponde al interior de la f\u00e1brica<\/em><\/strong><\/figcaption><\/figure><\/div>\n\n\n<h2 class=\"wp-block-heading\"><strong>UN RECUERDO CON NOSTALGIA<\/strong><\/h2>\n\n\n\n<p>La inversi\u00f3n inicial fue de 121 millones de pesos y&nbsp; se levant\u00f3&nbsp; en Avenida Isl\u00f3n con Avenida&nbsp; El Libertador, \u00e1rea que se hab\u00eda visto revitalizada con la inauguraci\u00f3n en agosto de 1982 con el puente El Libertador que por d\u00e9cadas fue solo una estructura de madera.<\/p>\n\n\n\n<p>El gerente&nbsp; de la Planta Marco Mazzola destac\u00f3 la importancia&nbsp; de su puesta en marcha. Aunque procesaba diferentes productos&nbsp; fue conocida como \u2018La Morronera\u2019, donde la materia prima fue exportada a Estados Unidos y la Comunidad Europea.<\/p>\n\n\n\n<p>Carolina Godoi Gonz\u00e1lez actualmente tiene 61 a\u00f1os y confiesa que el recuerdo de la f\u00e1brica ADA le genera nostalgia, sobre todo porque en&nbsp; su momento&nbsp; fue importante para su grupo familiar.<\/p>\n\n\n\n<p><strong>\u201cExisten<\/strong><strong> muy buenos recuerdos porque ah\u00ed nosotros entramos a trabajar porque era muy escaso el trabajo y para nosotros fue muy bueno porque estaba en La Compa\u00f1\u00eda y nos pasaban a buscar en la micro y era cerca\u201d<\/strong><strong>, <\/strong>rememora.<\/p>\n\n\n\n<p>Reconoce que por las caracter\u00edsticas de la industria fue vital para el \u00e1mbito femenino, <strong>\u201ctrabajaron muchas mujeres, adem\u00e1s que al hombre <\/strong><strong>lo contrataban m\u00e1s para labores<\/strong><strong> pesada<\/strong><strong>s.&nbsp; Adem\u00e1s, que era recomendable porque era por turno y uno pod\u00eda descansar<\/strong>\u201d, complementa.<\/p>\n\n\n\n<p>En su caso se desempe\u00f1aba en producto terminado, <strong>\u201cdonde llegaba seco el piment\u00f3n y el puerro, era lo que m\u00e1s se procesaba (\u2026) Fue buena esa f\u00e1brica, porque en ese tiempo nadie ten\u00eda pega y era muy dif\u00edcil encontrar trabajo, pero en esta f\u00e1brica uno esperaba afuera&nbsp; y necesitaban gente, por lo que entraba de inmediato&nbsp; y le indicaban el turno, eran 60 mujeres por turno<\/strong>\u201d, profundizaba. <\/p>\n\n\n\n<p>Incre\u00edblemente alcanz\u00f3 a estar 18 a\u00f1os y pas\u00f3 por las diferentes secciones, <strong>\u201cera<\/strong><strong> por temporada, se terminaba el periodo del puerro y llegaba otra temporada, contrataban cierta cantidad de gente y donde ingresaban m\u00e1s era en el pime<\/strong><strong>nt\u00f3n, uno se acomodaba bien\u201d<\/strong>, precisaba.<\/p>\n\n\n<div class=\"wp-block-image\">\n<figure class=\"aligncenter size-large is-resized\"><a href=\"https:\/\/periodicolacompania.cl\/wp-content\/uploads\/2025\/11\/FotoJet-5.jpg\"><img loading=\"lazy\" decoding=\"async\" width=\"1024\" height=\"517\" src=\"https:\/\/periodicolacompania.cl\/wp-content\/uploads\/2025\/11\/FotoJet-5-1024x517.jpg\" alt=\"\" class=\"wp-image-3815\" style=\"width:878px;height:auto\" srcset=\"https:\/\/periodicolacompania.cl\/wp-content\/uploads\/2025\/11\/FotoJet-5-1024x517.jpg 1024w, https:\/\/periodicolacompania.cl\/wp-content\/uploads\/2025\/11\/FotoJet-5-300x152.jpg 300w, https:\/\/periodicolacompania.cl\/wp-content\/uploads\/2025\/11\/FotoJet-5-768x388.jpg 768w, https:\/\/periodicolacompania.cl\/wp-content\/uploads\/2025\/11\/FotoJet-5-1536x776.jpg 1536w, https:\/\/periodicolacompania.cl\/wp-content\/uploads\/2025\/11\/FotoJet-5-2048x1035.jpg 2048w\" sizes=\"auto, (max-width: 1024px) 100vw, 1024px\" \/><\/a><figcaption class=\"wp-element-caption\"><strong><em>Carolina Godoi recuerda d\u00e9cadas despu\u00e9s su labor en la ex Morronera en la bajada de Nicaragua con Avenida Isl\u00f3n<\/em><\/strong><\/figcaption><\/figure><\/div>\n\n\n<p>Su capacidad de trabajo la llev\u00f3 a ir ascendiendo. Incluso, en un momento por su experiencia laboral se transform\u00f3 en jefa de turno y le permiti\u00f3 colaborar en otras comunas. <strong>\u201cFui a Salamanca donde empezaron a trabajar en el prapica que mol\u00edan en unos molinos, fue muy bonito, porque fui subi<\/strong><strong>endo, primero estuve en resecado, encargada de esa \u00e1rea, despu\u00e9s entr\u00e9 a producto terminado donde aprend\u00ed&nbsp; de todo, envasaba y despu\u00e9s me pasaron a los molinos, los cuales fuero armados por una persona de Espa\u00f1a, aprend\u00ed el tema y luego ense\u00f1\u00e9 lo que sab\u00eda<\/strong>\u201d.<\/p>\n\n\n\n<p>El&nbsp; caso de la familia Gonz\u00e1lez fue parad\u00f3jico. Cuatro de sus integrantes terminaron trabajando en la f\u00e1brica. Gina Godoi Gonz\u00e1lez (64) es una de ellas. En su caso ingres\u00f3 en 1989. <strong>\u201cMi hermana (Carolina) entr\u00f3 primero, en mi caso trabaj\u00e9 en producci\u00f3n, los morrones los lavaban y pasaban por una cinta donde est\u00e1bamos nosotras y le sac\u00e1bamos las partes interiores. Yo quer\u00eda trabajar en esos momentos y como estaba mi hermana ah\u00ed mismo, ella me hizo la movida y entr\u00e9. A todos les gustaba, adem\u00e1s que necesit\u00e1bamos unas monedita, porque era como f\u00e1cil y altiro ten\u00edan plata, no ve\u00edan la edad, entraban todos, hasta ni\u00f1as, iban un rato, pero ganaban platita. Para todas las mujeres, para m\u00ed fue algo bueno, una l\u00e1stima que dur\u00f3 poco, fue triste porque ya no hubo m\u00e1s producci\u00f3n y nosotros ten\u00edamos que trabajar. Es por ello que terminamos empacando uvas<\/strong>\u201d, sentencia.<\/p>\n\n\n\n<p>Tambi\u00e9n trabajaron Soledad y Rosa Godoi Gonz\u00e1lez, <strong>\u201ccomo recib\u00edan a cada rato no hab\u00eda problema, hab\u00eda trabajo todos los d\u00edas y eso era lo bueno\u201d, <\/strong>enfatiza<strong>.<\/strong><\/p>\n\n\n\n<p>Su visi\u00f3n es que en Las Compa\u00f1\u00edas hace falta f\u00e1bricas para la generaci\u00f3n de empleo. <strong>\u201cC<\/strong><strong>\u00f3<\/strong><strong>mo estamos ahora\u201d,<\/strong> sintetiza.<\/p>\n\n\n<div class=\"wp-block-image\">\n<figure class=\"aligncenter size-large is-resized\"><a href=\"https:\/\/periodicolacompania.cl\/wp-content\/uploads\/2025\/11\/FotoJet-6.jpg\"><img loading=\"lazy\" decoding=\"async\" width=\"1024\" height=\"517\" src=\"https:\/\/periodicolacompania.cl\/wp-content\/uploads\/2025\/11\/FotoJet-6-1024x517.jpg\" alt=\"\" class=\"wp-image-3816\" style=\"width:806px;height:auto\" srcset=\"https:\/\/periodicolacompania.cl\/wp-content\/uploads\/2025\/11\/FotoJet-6-1024x517.jpg 1024w, https:\/\/periodicolacompania.cl\/wp-content\/uploads\/2025\/11\/FotoJet-6-300x152.jpg 300w, https:\/\/periodicolacompania.cl\/wp-content\/uploads\/2025\/11\/FotoJet-6-768x388.jpg 768w, https:\/\/periodicolacompania.cl\/wp-content\/uploads\/2025\/11\/FotoJet-6-1536x776.jpg 1536w, https:\/\/periodicolacompania.cl\/wp-content\/uploads\/2025\/11\/FotoJet-6.jpg 2000w\" sizes=\"auto, (max-width: 1024px) 100vw, 1024px\" \/><\/a><figcaption class=\"wp-element-caption\"><strong><em>Gina Godoi&nbsp; Gonz\u00e1lez en el 2025 rememorando su labor en la f\u00e1brica<\/em><\/strong><\/figcaption><\/figure><\/div>\n\n\n<h2 class=\"wp-block-heading\"><strong>LAS PRIMERAS ALERTA<\/strong><\/h2>\n\n\n\n<p>Desde de su puesta en marcha la planta fue vista como una soluci\u00f3n para enfrentar el alto desempleo. En paralelo se destacaba su cercan\u00eda. Incluso, en un momento&nbsp; se dispuso de locomoci\u00f3n para las personas&nbsp; que habitaban en las nuevas poblaciones que comenzaban a levantarse en Las Compa\u00f1\u00edas, sobre todo Vi\u00f1a del Mar y Villa El Parque.<\/p>\n\n\n\n<p>Lo que m\u00e1s&nbsp; se reconoc\u00eda es que se le daba una oportunidad a las mujeres que ya comenzaban a jugar un papel clave en los hogares. Se vivi\u00f3 una d\u00e9cada de bonanza.<\/p>\n\n\n\n<p>Sin embargo, a finales de los \u201990,&nbsp; comenz\u00f3&nbsp; a incubarse el malestar de los vecinos que resid\u00edan en las nuevas poblaciones&nbsp; que se levantaban alrededor de la industria. Chile hab\u00eda recuperado la democracia y lentamente se profundizaba su inserci\u00f3n en el \u00e1mbito internacional. De paso el pa\u00eds crec\u00eda a un ritmo acelerado y la palabra calidad de vida y protecci\u00f3n al medio ambiente tomaban fuerza en las agendas.<\/p>\n\n\n\n<p>Se iniciaron los reclamos de algunos vecinos por malos olores&nbsp; y luego&nbsp; se denunci\u00f3 a la prensa regional una eventual contaminaci\u00f3n. El malestar fue recogido por diario El D\u00eda que en agosto de 1998 public\u00f3 una nota donde residentes advert\u00edan el mal olor, <strong>\u201cque despiden sus procesamientos no se puede soportar ni de d\u00eda ni de noche y que tienen que vivir con las ventanas cerradas para evitar que este hedor traspase las barreras de la casa\u201d<\/strong><strong>, <\/strong>manifestaba<strong>.<\/strong><\/p>\n\n\n\n<p>El gerente de Operaciones Nelson Torres Kameide respondi\u00f3 que utilizaban los sistemas m\u00e1s modernos para enfrentar las complicaciones. <strong>\u201cPoseemos un control de la m\u00e1s alta tecnolog\u00eda para evitar los malos olores, ya que&nbsp; nuestra empresa se ha caracterizado en los \u00faltimos a\u00f1os en la preservaci\u00f3n del medio ambiente y sus condiciones\u201d<\/strong>, remarc\u00f3 el ejecutivo.<\/p>\n\n\n\n<p>Agreg\u00f3 que las hortalizas expelen sus olores&nbsp; naturales, <strong>\u201cunos m\u00e1s molestos que otros, pero&nbsp; ninguno de ellos es da\u00f1ino\u201d<\/strong>, remarc\u00f3.<\/p>\n\n\n\n<p>De&nbsp; paso&nbsp; explic\u00f3 que se hab\u00eda efectuado una alta inversi\u00f3n para enfrentar esta tem\u00e1tica, <strong>\u201cel sistema de eliminaci\u00f3n de olores mediante&nbsp; ozono es lo \u00faltimo que se ha fabricado en el mundo (tuvo un costo de 60 millones de pesos), por lo tanto que la comu<\/strong><strong>nidad de este sector poblacional sepa que estamos muy preocupados de que las cosas se hagan como corresponde legalmente (\u2026) Nuestra empresa es la \u00fanica en la regi\u00f3n que ha hecho esta inversi\u00f3n y la \u00fanica que se ha preocupado de preservar el medio ambiente\u201d<\/strong>, sentenci\u00f3.<\/p>\n\n\n\n<p>Gina Godoi Gonz\u00e1lez (64) aunque dice entender el tema del medioambiente,&nbsp; lamenta los cuestionamiento que comenz\u00f3 a recibir la f\u00e1brica y de la propia poblaci\u00f3n de Las Compa\u00f1\u00edas. <strong>\u201cLa gente molesta por cualquier cosa, pero la gente que trabajaba ah\u00ed estaba contenta y adem\u00e1s que todas conocimos nuestros maridos ah\u00ed. Mi esposo es Luis G\u00e1lvez quien trabaj\u00f3 en las calderas\u201d,<\/strong> rememora.<\/p>\n\n\n\n<p>En su caso estuvo una d\u00e9cada, <strong>\u201cpara m\u00ed fue muy hermoso<\/strong><strong> y<\/strong><strong> me marc\u00f3 totalmente\u201d<\/strong>, puntualiza.<\/p>\n\n\n<div class=\"wp-block-image\">\n<figure class=\"aligncenter size-large is-resized\"><a href=\"https:\/\/periodicolacompania.cl\/wp-content\/uploads\/2025\/11\/Dependencias-Ada-en-calle-Avenida-Islon-scaled.jpg\"><img loading=\"lazy\" decoding=\"async\" width=\"1024\" height=\"442\" src=\"https:\/\/periodicolacompania.cl\/wp-content\/uploads\/2025\/11\/Dependencias-Ada-en-calle-Avenida-Islon-1024x442.jpg\" alt=\"\" class=\"wp-image-3817\" style=\"width:753px;height:auto\" srcset=\"https:\/\/periodicolacompania.cl\/wp-content\/uploads\/2025\/11\/Dependencias-Ada-en-calle-Avenida-Islon-1024x442.jpg 1024w, https:\/\/periodicolacompania.cl\/wp-content\/uploads\/2025\/11\/Dependencias-Ada-en-calle-Avenida-Islon-300x130.jpg 300w, https:\/\/periodicolacompania.cl\/wp-content\/uploads\/2025\/11\/Dependencias-Ada-en-calle-Avenida-Islon-768x332.jpg 768w, https:\/\/periodicolacompania.cl\/wp-content\/uploads\/2025\/11\/Dependencias-Ada-en-calle-Avenida-Islon-1536x663.jpg 1536w, https:\/\/periodicolacompania.cl\/wp-content\/uploads\/2025\/11\/Dependencias-Ada-en-calle-Avenida-Islon-2048x884.jpg 2048w\" sizes=\"auto, (max-width: 1024px) 100vw, 1024px\" \/><\/a><figcaption class=\"wp-element-caption\"><strong><em>Esta imagen muestra la infraestructura de la deshidratadora Ada rodeada de terrenos cultivables.<\/em><\/strong><\/figcaption><\/figure><\/div>\n\n\n<h2 class=\"wp-block-heading\"><strong>EL OCASO Y EL CIERRE<\/strong><\/h2>\n\n\n\n<p>A las se\u00f1ales de descontento y denuncias por eventual contaminaci\u00f3n a principios&nbsp; del 2000 la industria comenz\u00f3&nbsp; a enfrentar una dura crisis econ\u00f3mica que dejaron al descubierto los proveedores. Admit\u00edan que el mayor impacto se reflejar\u00eda en la p\u00e9rdida de fuentes laborales.&nbsp; El episodio fue complejo, sobre todo porque en los \u00faltimos a\u00f1os se hab\u00eda realizado una ampliaci\u00f3n de la f\u00e1brica, lo que se interpret\u00f3 como el buen momento que atravesaba la industria y su crecimiento sostenido.&nbsp; Se tem\u00eda que el cierre de la planta podr\u00eda dejar sin su fuente laboral a m\u00e1s de 500 personas. Una vez que se conoci\u00f3 p\u00fablicamente la informaci\u00f3n, al interior de la empresa se actu\u00f3 con hermetismo y cautela. El gerente de Operaciones, Nelson Torres admiti\u00f3 con sorpresa ante las especulaciones del cierre. Incluso, asegur\u00f3 que los esfuerzos estaban encaminados a potenciar la empresa y buscar nuevos mercados.<\/p>\n\n\n\n<p>Con el paso de los meses&nbsp; la situaci\u00f3n se hizo insostenible&nbsp; y se agudiz\u00f3 con la crisis econ\u00f3mica que desencaden\u00f3 un alto desempleo. En julio de 2002 se produjo el cierre total. Un letrero que anunciaba la venta del terreno colocaba punto final a la historia de una planta que result\u00f3 clave para mujeres&nbsp; de Las Compa\u00f1\u00edas y sus alrededores.<\/p>\n\n\n\n<p>Carolina Godoi no oculta que la noticia del cierre de la f\u00e1brica la golpe\u00f3 fuertemente, <strong>\u201cfue muy triste porque uno estaba acostumbrada a los turnos y era un trabajo cercano.&nbsp; Siempre dec\u00edamos que esa f\u00e1brica daba bastante trabajo. Vimos cuando la desarmaron&nbsp; y se llevaban las m\u00e1quinas. Ah\u00ed se fueron todos los recuerdos y en la misma f\u00e1brica conoc\u00ed a mi marido (Carlos Cort\u00e9s) y arm\u00e9 mi familia. \u00c9l trabajaba en resecado donde llegaba el producto desde los hornos para secarlo y luego pasarlo a producto terminado y posteriormente a envases<\/strong>\u201d, explica.<\/p>\n\n\n\n<p>El impacto fue duro. Hab\u00edan cambiado las condiciones. Si en los \u201980 su apertura generaba expectativas y era celebrada por la gente de Las Compa\u00f1\u00edas, a finales de los &#8217;90, el tema ambiental comenzaba a tomarse la agenda y las personas ya no aceptaban abiertamente que las f\u00e1bricas estuvieran cerca de su hogar, ni menos que expeliera fuertes olores o el humo de las chimeneas contaminase el ambiente.<\/p>\n\n\n<div class=\"wp-block-image\">\n<figure class=\"aligncenter size-large is-resized\"><a href=\"https:\/\/periodicolacompania.cl\/wp-content\/uploads\/2025\/11\/Trabajadoras-de-Ada-en-plena-labor--scaled.jpg\"><img loading=\"lazy\" decoding=\"async\" width=\"1024\" height=\"611\" src=\"https:\/\/periodicolacompania.cl\/wp-content\/uploads\/2025\/11\/Trabajadoras-de-Ada-en-plena-labor--1024x611.jpg\" alt=\"\" class=\"wp-image-3818\" style=\"width:809px;height:auto\" srcset=\"https:\/\/periodicolacompania.cl\/wp-content\/uploads\/2025\/11\/Trabajadoras-de-Ada-en-plena-labor--1024x611.jpg 1024w, https:\/\/periodicolacompania.cl\/wp-content\/uploads\/2025\/11\/Trabajadoras-de-Ada-en-plena-labor--300x179.jpg 300w, https:\/\/periodicolacompania.cl\/wp-content\/uploads\/2025\/11\/Trabajadoras-de-Ada-en-plena-labor--768x458.jpg 768w, https:\/\/periodicolacompania.cl\/wp-content\/uploads\/2025\/11\/Trabajadoras-de-Ada-en-plena-labor--1536x917.jpg 1536w, https:\/\/periodicolacompania.cl\/wp-content\/uploads\/2025\/11\/Trabajadoras-de-Ada-en-plena-labor--2048x1222.jpg 2048w\" sizes=\"auto, (max-width: 1024px) 100vw, 1024px\" \/><\/a><figcaption class=\"wp-element-caption\"><strong><em>En la d\u00e9cada de los \u201980 la f\u00e1brica de Morrones fue una alternativa laboral para cientos de mujeres de Las Compa\u00f1\u00edas.<\/em><\/strong><\/figcaption><\/figure><\/div>\n\n\n<p>Adem\u00e1s, el sector lentamente comenzaba a cercarse de poblaciones y los nuevos residentes poco sab\u00edan de la historia de c\u00f3mo la \u2018Morronera\u2019 ADA hab\u00eda frenado la fuerte cesant\u00eda en Las Compa\u00f1\u00edas. Un sector donde la mayor\u00eda de las calles eran de tierra y reci\u00e9n el alcantarillado se comenzaba a masificar. <strong>\u201cHubo tristeza, porque cuando uno iba al centro ve\u00eda que estaban desarmando todo y dec\u00edamos, era grande la f\u00e1brica, desarmaban las m\u00e1quinas y las embalaban en grandes camiones, era muy triste.&nbsp; Uno se recuerda mucho de las cosas que vivi\u00f3 (\u2026) Fue&nbsp; muy provechoso y uno aprend\u00eda mucho, a mi marido tambi\u00e9n lo enviaron a Santiago a irradiar el producto cuando sal\u00eda contaminado<\/strong>\u201d, resalta Carolina Godoi. <\/p>\n\n\n\n<p>Con el tiempo se dedic\u00f3 al cuidado de su hija y madre. \u201c<strong>Mi hija ve las fotos y le gusta porque uno sale contenta y con los amigos<\/strong>\u201d, subray\u00f3.<\/p>\n\n\n\n<p>Solo recuerdos. Tras la f\u00e1brica&nbsp; tuvo un paso de cuidadora de adultos mayores.<\/p>\n\n\n\n<p>Antes del cierre la deshidratadora Ada hab\u00eda apostado por el crecimiento con la inyecci\u00f3n de recursos para una ampliaci\u00f3n de la f\u00e1brica y contrataci\u00f3n de mayor mano de obra y aumento en las cuotas de materia prima para procesar. No obstante, nada result\u00f3. Se bajaba la cortina a una industria emblem\u00e1tica. Tras su cierre definitivo sus instalaciones fueron ocupadas por un colegio evang\u00e9lico y actualmente en su espacio se construy\u00f3 el supermercado Santa Isabel y en el entorno se levantaron diferentes poblaciones como los complejos&nbsp; habitacionales Nova y&nbsp; Gabriela.<\/p>\n\n\n\n<figure class=\"wp-block-embed is-type-video is-provider-youtube wp-block-embed-youtube wp-embed-aspect-16-9 wp-has-aspect-ratio\"><div class=\"wp-block-embed__wrapper\">\n<iframe loading=\"lazy\"  id=\"_ytid_91722\" width=\"800\" height=\"450\"  data-origwidth=\"800\" data-origheight=\"450\"  src=\"https:\/\/www.youtube.com\/embed\/PnMar3v3MUk?enablejsapi=1&#038;autoplay=0&#038;cc_load_policy=0&#038;iv_load_policy=1&#038;loop=0&#038;modestbranding=0&#038;rel=1&#038;fs=1&#038;playsinline=0&#038;autohide=2&#038;theme=dark&#038;color=red&#038;controls=1&#038;\" class=\"__youtube_prefs__\" title=\"YouTube player\"  allow=\"autoplay; encrypted-media\" allowfullscreen data-no-lazy=\"1\" data-skipgform_ajax_framebjll=\"\"><\/iframe>\n<\/div><\/figure>\n\n\n\n<figure class=\"wp-block-image size-large\"><a href=\"https:\/\/periodicolacompania.cl\/wp-content\/uploads\/2025\/11\/BAILES-RELIGIOSOS-LA-VISIBILIZACION-DE-LA-MUJER-EN-PRIMERA-PERSONA-scaled.png\"><img loading=\"lazy\" decoding=\"async\" width=\"1024\" height=\"683\" src=\"https:\/\/periodicolacompania.cl\/wp-content\/uploads\/2025\/11\/BAILES-RELIGIOSOS-LA-VISIBILIZACION-DE-LA-MUJER-EN-PRIMERA-PERSONA-1024x683.png\" alt=\"\" class=\"wp-image-3820\" srcset=\"https:\/\/periodicolacompania.cl\/wp-content\/uploads\/2025\/11\/BAILES-RELIGIOSOS-LA-VISIBILIZACION-DE-LA-MUJER-EN-PRIMERA-PERSONA-1024x683.png 1024w, https:\/\/periodicolacompania.cl\/wp-content\/uploads\/2025\/11\/BAILES-RELIGIOSOS-LA-VISIBILIZACION-DE-LA-MUJER-EN-PRIMERA-PERSONA-300x200.png 300w, https:\/\/periodicolacompania.cl\/wp-content\/uploads\/2025\/11\/BAILES-RELIGIOSOS-LA-VISIBILIZACION-DE-LA-MUJER-EN-PRIMERA-PERSONA-768x512.png 768w, https:\/\/periodicolacompania.cl\/wp-content\/uploads\/2025\/11\/BAILES-RELIGIOSOS-LA-VISIBILIZACION-DE-LA-MUJER-EN-PRIMERA-PERSONA-1536x1024.png 1536w, https:\/\/periodicolacompania.cl\/wp-content\/uploads\/2025\/11\/BAILES-RELIGIOSOS-LA-VISIBILIZACION-DE-LA-MUJER-EN-PRIMERA-PERSONA-2048x1365.png 2048w\" sizes=\"auto, (max-width: 1024px) 100vw, 1024px\" \/><\/a><\/figure>\n","protected":false},"excerpt":{"rendered":"<p>Por cerca de dos d\u00e9cadas la f\u00e1brica se convirti\u00f3 en el sost\u00e9n econ\u00f3mico para los habitantes de este territorio que<\/p>\n","protected":false},"author":1,"featured_media":3822,"comment_status":"open","ping_status":"open","sticky":false,"template":"","format":"standard","meta":{"footnotes":""},"categories":[12,353,4],"tags":[],"class_list":["post-3812","post","type-post","status-publish","format-standard","has-post-thumbnail","hentry","category-destacado","category-fondo-de-medios-2025","category-reportajes"],"_links":{"self":[{"href":"https:\/\/periodicolacompania.cl\/index.php?rest_route=\/wp\/v2\/posts\/3812","targetHints":{"allow":["GET"]}}],"collection":[{"href":"https:\/\/periodicolacompania.cl\/index.php?rest_route=\/wp\/v2\/posts"}],"about":[{"href":"https:\/\/periodicolacompania.cl\/index.php?rest_route=\/wp\/v2\/types\/post"}],"author":[{"embeddable":true,"href":"https:\/\/periodicolacompania.cl\/index.php?rest_route=\/wp\/v2\/users\/1"}],"replies":[{"embeddable":true,"href":"https:\/\/periodicolacompania.cl\/index.php?rest_route=%2Fwp%2Fv2%2Fcomments&post=3812"}],"version-history":[{"count":7,"href":"https:\/\/periodicolacompania.cl\/index.php?rest_route=\/wp\/v2\/posts\/3812\/revisions"}],"predecessor-version":[{"id":3834,"href":"https:\/\/periodicolacompania.cl\/index.php?rest_route=\/wp\/v2\/posts\/3812\/revisions\/3834"}],"wp:featuredmedia":[{"embeddable":true,"href":"https:\/\/periodicolacompania.cl\/index.php?rest_route=\/wp\/v2\/media\/3822"}],"wp:attachment":[{"href":"https:\/\/periodicolacompania.cl\/index.php?rest_route=%2Fwp%2Fv2%2Fmedia&parent=3812"}],"wp:term":[{"taxonomy":"category","embeddable":true,"href":"https:\/\/periodicolacompania.cl\/index.php?rest_route=%2Fwp%2Fv2%2Fcategories&post=3812"},{"taxonomy":"post_tag","embeddable":true,"href":"https:\/\/periodicolacompania.cl\/index.php?rest_route=%2Fwp%2Fv2%2Ftags&post=3812"}],"curies":[{"name":"wp","href":"https:\/\/api.w.org\/{rel}","templated":true}]}}