{"id":3859,"date":"2026-05-02T19:42:35","date_gmt":"2026-05-02T19:42:35","guid":{"rendered":"https:\/\/periodicolacompania.cl\/?p=3859"},"modified":"2026-05-02T19:42:38","modified_gmt":"2026-05-02T19:42:38","slug":"158-familias-de-las-companias-reciben-sus-escrituras-y-concretan-el-sueno-de-la-casa-propia","status":"publish","type":"post","link":"https:\/\/periodicolacompania.cl\/?p=3859","title":{"rendered":"158 familias de Las Compa\u00f1\u00edas reciben sus escrituras y concretan el sue\u00f1o de la casa propia"},"content":{"rendered":"\n<p><strong><em>Carpetas en mano y con gran emoci\u00f3n, fueron certificadas de la propiedad de sus viviendas. Accedieron a ellas gracias al Fondo Solidario de Elecci\u00f3n de Vivienda del MINVU.<\/em><\/strong><\/p>\n\n\n\n<p>En una emotiva ceremonia, 158 familias de La Serena recibieron las escrituras que las acredita como due\u00f1as de sus viviendas. Se trata del proyecto habitacional Renacer Oriente, ubicado en el sector El Olivar de Las Compa\u00f1\u00edas, al cual accedieron gracias al Fondo Solidario de Elecci\u00f3n de Vivienda (DS49) del Ministerio de Vivienda y Urbanismo (MINVU).<\/p>\n\n\n\n<p>La felicidad reina en las familias beneficiarias, quienes han ido plasmando en el d\u00eda a d\u00eda caminos llenos de esperanza. \u201cTengo mucha emoci\u00f3n, es algo maravilloso para mis hijas, mi familia y mi hermana\u201d, se\u00f1al\u00f3 Tamara Lillo; mientras que su vecina Francisca D\u00edaz afirm\u00f3 que \u201cme siento muy contenta, esto es un sue\u00f1o pensado hacia mis hijos, ya que podr\u00e1n tener un lugar donde vivir\u201d.<\/p>\n\n\n\n<p>Pablo Cuadra Corrales, Seremi de Vivienda y Urbanismo, coment\u00f3 al respecto que \u201cestamos muy felices de poder haber acompa\u00f1ado a las familias, por fin hoy d\u00eda pueden decir que son due\u00f1as de su inmueble. Muy contentos de haber estado en esta actividad, vamos a seguir trabajando para ustedes, con orden, rigurosidad y mucho esfuerzo, tal como nos encomend\u00f3 el Presidente Jos\u00e9 Antonio Kast y nuestro Ministro Ivan Poduje\u201d.<\/p>\n\n\n\n<p>Sobre aquello, V\u00edctor Pino Fuentes, Delegado Presidencial Regional, indic\u00f3 que \u201cesto parti\u00f3 hace 7 a\u00f1os con el ex Presidente Sebasti\u00e1n Pi\u00f1era y culmina hoy con la entrega de las escrituras en el Gobierno del Presidente Jos\u00e9 Antonio Kast. Una iniciativa que requiri\u00f3 mucho trabajo y esfuerzo por parte de las familias. Como Gobierno del Presidente Jos\u00e9 Antonio Kast estamos enfocados en hacer m\u00e1s felices a nuestra gente\u201d.<\/p>\n\n\n\n<h2 class=\"wp-block-heading\"><strong>Bello conjunto habitacional<\/strong><\/h2>\n\n\n\n<p>Las casas son de 2 pisos y cuentan con todas las comodidades para un buen vivir. Francisco Alfaro Navarro, Director (s) del SERVIU, asever\u00f3 que \u201ces un hermoso lugar, el cual cuenta con \u00e1reas verdes, obras de urbanizaci\u00f3n y una sede social de 130,19 m2. Adem\u00e1s, posee viviendas destinadas a personas mayores y personas con movilidad reducida, contribuyendo al desarrollo integral de la comunidad\u201d.<\/p>\n\n\n\n<p>En tanto Daniela Norambuena, Alcaldesa de La Serena, se\u00f1al\u00f3 que \u201chace poco estuvimos en sus casas, las conocimos por dentro, las familias muy emocionadas. Hoy d\u00eda ya finalmente, carpeta en mano, junto a sus ni\u00f1os y sus vecinos, tras la lucha de lograr la vivienda propia, pueden decir sue\u00f1o cumplido\u201d.<\/p>\n\n\n\n<p>La entrega de escrituras constituye la etapa final del proceso habitacional, mediante el cual las familias acreditan formalmente la propiedad de sus viviendas, tras su inscripci\u00f3n en el Conservador de Bienes Ra\u00edces. Renacer Oriente se materializ\u00f3 gracias a una inversi\u00f3n de $6.950 millones por parte del Ministerio de Vivienda y Urbanismo (MINVU).<\/p>\n\n\n\n<p><\/p>\n","protected":false},"excerpt":{"rendered":"<p>Carpetas en mano y con gran emoci\u00f3n, fueron certificadas de la propiedad de sus viviendas. Accedieron a ellas gracias al<\/p>\n","protected":false},"author":1,"featured_media":3860,"comment_status":"open","ping_status":"open","sticky":false,"template":"","format":"standard","meta":{"footnotes":""},"categories":[12,3],"tags":[],"class_list":["post-3859","post","type-post","status-publish","format-standard","has-post-thumbnail","hentry","category-destacado","category-social"],"_links":{"self":[{"href":"https:\/\/periodicolacompania.cl\/index.php?rest_route=\/wp\/v2\/posts\/3859","targetHints":{"allow":["GET"]}}],"collection":[{"href":"https:\/\/periodicolacompania.cl\/index.php?rest_route=\/wp\/v2\/posts"}],"about":[{"href":"https:\/\/periodicolacompania.cl\/index.php?rest_route=\/wp\/v2\/types\/post"}],"author":[{"embeddable":true,"href":"https:\/\/periodicolacompania.cl\/index.php?rest_route=\/wp\/v2\/users\/1"}],"replies":[{"embeddable":true,"href":"https:\/\/periodicolacompania.cl\/index.php?rest_route=%2Fwp%2Fv2%2Fcomments&post=3859"}],"version-history":[{"count":1,"href":"https:\/\/periodicolacompania.cl\/index.php?rest_route=\/wp\/v2\/posts\/3859\/revisions"}],"predecessor-version":[{"id":3861,"href":"https:\/\/periodicolacompania.cl\/index.php?rest_route=\/wp\/v2\/posts\/3859\/revisions\/3861"}],"wp:featuredmedia":[{"embeddable":true,"href":"https:\/\/periodicolacompania.cl\/index.php?rest_route=\/wp\/v2\/media\/3860"}],"wp:attachment":[{"href":"https:\/\/periodicolacompania.cl\/index.php?rest_route=%2Fwp%2Fv2%2Fmedia&parent=3859"}],"wp:term":[{"taxonomy":"category","embeddable":true,"href":"https:\/\/periodicolacompania.cl\/index.php?rest_route=%2Fwp%2Fv2%2Fcategories&post=3859"},{"taxonomy":"post_tag","embeddable":true,"href":"https:\/\/periodicolacompania.cl\/index.php?rest_route=%2Fwp%2Fv2%2Ftags&post=3859"}],"curies":[{"name":"wp","href":"https:\/\/api.w.org\/{rel}","templated":true}]}}